{"id":164,"date":"2003-07-06T00:00:07","date_gmt":"2003-07-05T22:00:07","guid":{"rendered":"http:\/\/roetelbergranch.de\/?p=164"},"modified":"2019-08-15T01:54:56","modified_gmt":"2019-08-14T23:54:56","slug":"stadtfest-kelheim","status":"publish","type":"post","link":"https:\/\/roetelbergranch.de\/?p=164","title":{"rendered":"Stadtfest Kelheim 2003"},"content":{"rendered":"\n<p>Beteiligte Zweibeiner:<\/p>\n\n\n\n<p>Andrea, Christine, Claus, Dietmar, Heidi, Julia, Karin, Lisa,  Margit, Micha, Steffi, Susanne und Yvonne<\/p>\n\n\n\n<p><strong>Einsatzzeit<\/strong>:<br>14.00 &#8211; 18.00 Uhr (offizielles Ende, eigentlich war es so ca. 1.00 Uhr nachts)<\/p>\n\n\n\n<p><strong>Einsatzort:<br><\/strong>vor der Eisdiele in der Innenstadt<\/p>\n\n\n\n<p>Um eines gleich vorwegzunehmen: Keiner der Beteiligten konnte auch nur auch nur ahnen, dass es f\u00fcr manche ein sehr langer Tag bzw. Abend werden w\u00fcrde&#8230;<\/p>\n\n\n\n<p>Doch beginnen wir von vorne:&nbsp;<br>Ab ca. 10.00 Uhr begannen wir uns f\u00fcr das anstehende Pferde- und Ponyreiten in der Kommandozentrale R\u00f6telbergranch einzufinden, um dort mit einem \u00dcberfluss an Fr\u00fchst\u00fccksk\u00f6stlichkeiten, wie z. B. gefrorener Butter, gest\u00e4rkt zu werden.<br>Nachdem wir das erfolgreich &#8218;hinter uns&#8216; gebracht hatten (das Holzenbecher&#8217;sche Fr\u00fchst\u00fcck ist w\u00e4rmstens zu empfehlen), gingen wir daran, die Pferdeauswahl zu treffen. Wir stellten dabei fest, dass es sich an diesem Tag um ein fast ausschlie\u00dfliches Ponyreiten handeln w\u00fcrde.&nbsp;<\/p>\n\n\n\n<p>Folgende R\u00f6sser kamen daher zum Einsatz:&nbsp;<br>Leika, Nora, Nikolas, Savanna, Falko und Naddel (die beiden Letzteren feierten an diesem Tag eine gl\u00e4nzende Premiere!)<\/p>\n\n\n\n<p>Die erste und auch folgenden Fuhre(n) wurde von dem, uns allseits bekannten Dietmar H. durchgef\u00fchrt. Der beschloss auch gleich,den fachgerechten Aufbau des Pavillon in Rekordzeit zu erledigen, um den Anspielungen eventueller Kritiker, sowie dem bereits auf ein Zusammenkrachen des Pavillons wartenden Eisdielen-Italiener zuvorzukommen&#8230;&nbsp;<br>&#8230;und siehe da &#8211; es klappte: So schnell, gekonnt und standfest war in der Geschichte des Zeltaufbauens wohl noch nie ein Pavillon errichtet worden.<\/p>\n\n\n\n<p>Als wir dann alle unseren &#8218;dreckigen und struppigen Ponys&#8216; (Zitat einer ehemaligen Besucherin; Anm. der Autorin:&nbsp;<em>Wir<\/em>&nbsp;k\u00f6nnen unsere Ponys und Pferde, nur mit Halfter ausgestattet, durch eine stark \u00fcberf\u00fcllte Stadt f\u00fchren und auch reiten!!! Das soll uns erst einmal einer nachmachen!) beisammen hatten, gingen wir daran, sie zu putzen und satteln, damit wir um 14.00 Uhr mit unserem Pferde- und Ponyreiten beginnen konnten.&nbsp;<br>Auch die Reitbahn, die dank der Stadt Kelheim diesmal sehr gro\u00dfz\u00fcgig bemessen war, bauten wir mit Absperrelementen und ausreichend Strohunterlage als &#8218;Hufschlag&#8216; fachgerecht auf.<\/p>\n\n\n\n<p>F\u00fcr alle, die noch nicht die Ehre hatten, bei diesem Erlebnis dabei zu sein, sei der Ablauf einer derartigen Veranstaltung kurz zusammengefasst:&nbsp;<br>Von gewissen Sto\u00dfzeiten abgesehen, in denen eine ganze Schlange von &#8218;Kunden&#8216; vor der Reitbahn wartet, treffen immer wieder Jungen und M\u00e4dchen ein, suchen sich ein Pferd aus, werden von uns hingef\u00fchrt, raufgehoben, 3 Runden um die Bahn, bzw. ca. 20 Minuten durch die Kelheimer Innenstadt gef\u00fchrt und anschlie\u00dfend wieder runtergehoben und hinausgeleitet. Hierzu sei anzumerken, dass es bei uns nicht so unpers\u00f6nlich wie bei manchem Volksfest-Reiten zugeht.&nbsp;<br>Wir bem\u00fchen uns um Kontakt zu den Kindern, reden mit ihnen und versuchen, eventuelle Unsicherheiten seitens der Kinder oder Eltern aufzufangen und auszugleichen. Dass das nicht komplett falsch sein kann, beweist eine stetig wachsende Anzahl an Stammkunden.<\/p>\n\n\n\n<p>Alles in allem war dieser Einsatz zwar anstrengend, doch wird schon das n\u00e4chste Pferde- und Ponyreiten in Kelheim zeigen, dass die &#8218;R\u00f6telberger&#8216; Spa\u00df daran haben und immer wieder gerne mitmachen.<\/p>\n\n\n\n<figure class=\"wp-block-image\"><img loading=\"lazy\" decoding=\"async\" width=\"800\" height=\"549\" src=\"https:\/\/roetelbergranch.de\/wp-content\/uploads\/2019\/08\/pferdonal.jpg\" alt=\"\" class=\"wp-image-165\" srcset=\"https:\/\/roetelbergranch.de\/wp-content\/uploads\/2019\/08\/pferdonal.jpg 800w, https:\/\/roetelbergranch.de\/wp-content\/uploads\/2019\/08\/pferdonal-300x206.jpg 300w, https:\/\/roetelbergranch.de\/wp-content\/uploads\/2019\/08\/pferdonal-768x527.jpg 768w\" sizes=\"auto, (max-width: 767px) 89vw, (max-width: 1000px) 54vw, (max-width: 1071px) 543px, 580px\" \/><\/figure>\n","protected":false},"excerpt":{"rendered":"<p>Beteiligte Zweibeiner: Andrea, Christine, Claus, Dietmar, Heidi, Julia, Karin, Lisa, Margit, Micha, Steffi, Susanne und Yvonne Einsatzzeit:14.00 &#8211; 18.00 Uhr (offizielles Ende, eigentlich war es so ca. 1.00 Uhr nachts) Einsatzort:vor der Eisdiele in der Innenstadt Um eines gleich vorwegzunehmen: Keiner der Beteiligten konnte auch nur auch nur ahnen, dass es f\u00fcr manche ein sehr &hellip; <\/p>\n<p class=\"link-more\"><a href=\"https:\/\/roetelbergranch.de\/?p=164\" class=\"more-link\"><span class=\"screen-reader-text\">\u201eStadtfest Kelheim 2003\u201c<\/span> weiterlesen<\/a><\/p>\n","protected":false},"author":1,"featured_media":0,"comment_status":"open","ping_status":"open","sticky":false,"template":"","format":"standard","meta":{"footnotes":""},"categories":[6],"tags":[],"class_list":["post-164","post","type-post","status-publish","format-standard","hentry","category-sonstiges"],"_links":{"self":[{"href":"https:\/\/roetelbergranch.de\/index.php?rest_route=\/wp\/v2\/posts\/164","targetHints":{"allow":["GET"]}}],"collection":[{"href":"https:\/\/roetelbergranch.de\/index.php?rest_route=\/wp\/v2\/posts"}],"about":[{"href":"https:\/\/roetelbergranch.de\/index.php?rest_route=\/wp\/v2\/types\/post"}],"author":[{"embeddable":true,"href":"https:\/\/roetelbergranch.de\/index.php?rest_route=\/wp\/v2\/users\/1"}],"replies":[{"embeddable":true,"href":"https:\/\/roetelbergranch.de\/index.php?rest_route=%2Fwp%2Fv2%2Fcomments&post=164"}],"version-history":[{"count":2,"href":"https:\/\/roetelbergranch.de\/index.php?rest_route=\/wp\/v2\/posts\/164\/revisions"}],"predecessor-version":[{"id":258,"href":"https:\/\/roetelbergranch.de\/index.php?rest_route=\/wp\/v2\/posts\/164\/revisions\/258"}],"wp:attachment":[{"href":"https:\/\/roetelbergranch.de\/index.php?rest_route=%2Fwp%2Fv2%2Fmedia&parent=164"}],"wp:term":[{"taxonomy":"category","embeddable":true,"href":"https:\/\/roetelbergranch.de\/index.php?rest_route=%2Fwp%2Fv2%2Fcategories&post=164"},{"taxonomy":"post_tag","embeddable":true,"href":"https:\/\/roetelbergranch.de\/index.php?rest_route=%2Fwp%2Fv2%2Ftags&post=164"}],"curies":[{"name":"wp","href":"https:\/\/api.w.org\/{rel}","templated":true}]}}