{"id":251,"date":"2008-08-15T01:49:28","date_gmt":"2008-08-14T23:49:28","guid":{"rendered":"http:\/\/roetelbergranch.de\/?p=251"},"modified":"2019-08-15T01:53:53","modified_gmt":"2019-08-14T23:53:53","slug":"wanderreitseminar-elsass-2008","status":"publish","type":"post","link":"https:\/\/roetelbergranch.de\/?p=251","title":{"rendered":"Wanderreitseminar Elsass 2008"},"content":{"rendered":"\n<p>Dieses Jahr waren wir ein zweites Mal mit unseren Vierbeinern in Frankreich, diesmal um dort ein mehrt\u00e4giges Wanderreitseminar abzuhalten, das zum ersten Mal als Pilotprojekt gestartet wurde und auf dem Bergbauernhof unseres Freundes Mario Bottos in den Vogesen stattfand. Insgesamt zu f\u00fcnft machten wir uns von der R\u00f6telbergranch Unterschambach auf den Weg ins Elsass, auf den Hof G\u00eete d\u2019Etape du Pr\u00e9 du Bois in der N\u00e4he von Orbey. Da wir Mittwoch Abend losstarteten, kamen wir schon Donnerstag in der Fr\u00fch \u2013 p\u00fcnktlich zum ersten franz\u00f6sischen Fr\u00fchst\u00fcck J \u2013 an. Unsere zwei M\u00e4dels Anja und Ines, die das erste Mal in Frankreich mit dabei waren wussten anfangs nicht so ganz was sie jetzt mit den Sch\u00fcsselchen vor sich anfangen sollten: M\u00fcsli und den Kaffee dann ins danebenstehende Glas? &#8230; Aber nach unserem Aufenthalt in Frankreich wussten sie schon gut \u00fcber die Essgewohnheiten der Landsleute Bescheid und somit auch, dass der Kaffee aus den Fr\u00fchst\u00fcckssch\u00fcsseln getrunken wurde. Mit von der Partie waren auch unsere drei Traber Nikolas, Gyula und Plainsman und unsere zwei schwarzen Perlen, die Bardigiani Fiona und Vittoria ( das mit den Perlen stellte sich erst sp\u00e4ter nach einigen Erziehungsma\u00dfnahmen heraus J ). Geplant war f\u00fcr die zwei M\u00e4dls an diesem Tag noch eine theoretische Einf\u00fchrung in die Anatomie des Pferdes und der damit verbundenen Reitweise auf Grundlage der klassischen Reitlehre. Diese besprochenen Grundkenntnisse wurden am Nachmittag in einem ersten Ausritt in der bergigen Umgebung der Vogesen von Anja und Ines auf Nikolas und Plainsman in die Praxis umgesetzt, damit die beiden einen ersten Einblick in diese anatomisch korrekte Reitweise und nat\u00fcrlich auch ins Wanderreiten bekommen. Sie konnten mit Hilfe von Tipps und Anweisungen \u00fcben, auf den Trabern sicher und anatomisch korrekt durch das Gel\u00e4nde zu reiten. Denn in den darauffolgenden Tagen folgten Wanderritte von je ca. 25 Kilometern, die es in der anspruchsvollen Landschaft zu bew\u00e4ltigen galt.<\/p>\n\n\n\n<figure class=\"wp-block-image\"><img loading=\"lazy\" decoding=\"async\" width=\"600\" height=\"450\" src=\"https:\/\/roetelbergranch.de\/wp-content\/uploads\/2019\/08\/vogesen20086.jpg\" alt=\"\" class=\"wp-image-252\" srcset=\"https:\/\/roetelbergranch.de\/wp-content\/uploads\/2019\/08\/vogesen20086.jpg 600w, https:\/\/roetelbergranch.de\/wp-content\/uploads\/2019\/08\/vogesen20086-300x225.jpg 300w\" sizes=\"auto, (max-width: 600px) 100vw, 600px\" \/><\/figure>\n\n\n\n<p>Am zweiten Tag ritten wir zu der Mittagsstation\u00a0<em>Domaine de Basil<\/em>, wobei Start- und Endpunkt die Unterkunft\u00a0<em>G\u00eete d\u2019Etape du Pr\u00e9 du Bois<\/em>\u00a0war. An den letzten beiden Tagen bestand der Plan darin, mit Ausr\u00fcstung und Gep\u00e4ck am Pferd von dieser G\u00eete zu einer anderen zu reiten, in der wir dann von Samstag auf Sonntag \u00fcbernachteten und wieder zur\u00fcck. Jedoch fiel der Samstag im wahrsten Sinne des Wortes \u201eins Wasser\u201c, so dass wir diese Etappe nicht auf dem Pferd, sondern in Marios Ganovenauto J mit Zwischenstation im Einkaufszentrum und Restaurant, sowie Besichtigung der \u201eTouristenmeile\u201c in Keysersberg zur\u00fccklegen mussten. Als wir dann an unserer \u00dcbernachtungsstation, bei den \u201everr\u00fcckten Lehrern\u201c, wie Richard und Fran\u00e7oise gern von Dietmar genannt werden, ankamen erwartete uns \u2013 wie kann\u2019s in Frankreich denn anders sein \u2013 ein riesiges und zugleich sehr exotisches Menu (Einschlag des nepalesischen Koches): angefangen von Brennessel- und Ziegensuppe \u00fcber Dal \u2013 Bath, einem traditonellen Reis \u2013 Linsengericht mit Gem\u00fcse aus Nepal, bis zum klassisch franz\u00f6sischen Zwischengang aus verschiedenen Arten von Ziegenk\u00e4se und einer Apfeltarte als Dessert. Gut ges\u00e4ttigt gings dann mit der Hoffnung auf besseres Wetter \u2013 es sch\u00fcttete immer noch in Str\u00f6men \u2013 in eins der ca. 15 zur Verf\u00fcgung stehenden Betten, das wir uns frei w\u00e4hlen konnten. Am n\u00e4chsten Tag erfreute jeden der Blick aus dem Fenster: strahlender Sonnenschein. Entsprechend einfach fiel uns auch das Aufstehen und nach einem st\u00e4rkenden Fr\u00fchst\u00fcck und dem Abschied von unseren netten Gastleuten, ihrem Muli Erg\u00fcn und der Eselin Albertina gings zur\u00fcck zu unseren eigenen Pferden (sie standen immer noch bei Mario) , mit denen wir heute noch eine kleine Tour geplant hatten. Der Tag verlief so gut wie er angefangen hatte, unsere zwei Reitdamen kamen wunderbar mit Nikolas und Plainsman zurecht, die schwarzen Perlen gingen wie geschmiert und das Wetter hielt den ganzen Tag an. Vorbei am Lac Vert, einem Gebirgssee, und \u00fcber eine Skipiste mit Blick auf die Hochebene des Tanets gelangten wir zu unserer Mittagsstation. Von dort aus starteten wir dann den letzten Ritt zur\u00fcck zu Marios Hof. Dort wurde dann wieder mal \u2013 na was kommt nun wohl \u2013 nat\u00fcrlich gegessen J. Danach ging es schweren Herzens mit vielen neuen Erfahrungen, die noch lange an dieses Wanderreitseminar erinnern, wieder zur\u00fcck in unsere Heimat.<\/p>\n\n\n\n<figure class=\"wp-block-image\"><img loading=\"lazy\" decoding=\"async\" width=\"600\" height=\"450\" src=\"https:\/\/roetelbergranch.de\/wp-content\/uploads\/2019\/08\/vogesen200810.jpg\" alt=\"\" class=\"wp-image-253\" srcset=\"https:\/\/roetelbergranch.de\/wp-content\/uploads\/2019\/08\/vogesen200810.jpg 600w, https:\/\/roetelbergranch.de\/wp-content\/uploads\/2019\/08\/vogesen200810-300x225.jpg 300w\" sizes=\"auto, (max-width: 600px) 100vw, 600px\" \/><\/figure>\n\n\n\n<figure class=\"wp-block-image\"><img loading=\"lazy\" decoding=\"async\" width=\"600\" height=\"492\" src=\"https:\/\/roetelbergranch.de\/wp-content\/uploads\/2019\/08\/vogesen20089.jpg\" alt=\"\" class=\"wp-image-254\" srcset=\"https:\/\/roetelbergranch.de\/wp-content\/uploads\/2019\/08\/vogesen20089.jpg 600w, https:\/\/roetelbergranch.de\/wp-content\/uploads\/2019\/08\/vogesen20089-300x246.jpg 300w\" sizes=\"auto, (max-width: 600px) 100vw, 600px\" \/><\/figure>\n","protected":false},"excerpt":{"rendered":"<p>Dieses Jahr waren wir ein zweites Mal mit unseren Vierbeinern in Frankreich, diesmal um dort ein mehrt\u00e4giges Wanderreitseminar abzuhalten, das zum ersten Mal als Pilotprojekt gestartet wurde und auf dem Bergbauernhof unseres Freundes Mario Bottos in den Vogesen stattfand. Insgesamt zu f\u00fcnft machten wir uns von der R\u00f6telbergranch Unterschambach auf den Weg ins Elsass, auf &hellip; <\/p>\n<p class=\"link-more\"><a href=\"https:\/\/roetelbergranch.de\/?p=251\" class=\"more-link\"><span class=\"screen-reader-text\">\u201eWanderreitseminar Elsass 2008\u201c<\/span> weiterlesen<\/a><\/p>\n","protected":false},"author":1,"featured_media":0,"comment_status":"open","ping_status":"open","sticky":false,"template":"","format":"standard","meta":{"footnotes":""},"categories":[6],"tags":[],"class_list":["post-251","post","type-post","status-publish","format-standard","hentry","category-sonstiges"],"_links":{"self":[{"href":"https:\/\/roetelbergranch.de\/index.php?rest_route=\/wp\/v2\/posts\/251","targetHints":{"allow":["GET"]}}],"collection":[{"href":"https:\/\/roetelbergranch.de\/index.php?rest_route=\/wp\/v2\/posts"}],"about":[{"href":"https:\/\/roetelbergranch.de\/index.php?rest_route=\/wp\/v2\/types\/post"}],"author":[{"embeddable":true,"href":"https:\/\/roetelbergranch.de\/index.php?rest_route=\/wp\/v2\/users\/1"}],"replies":[{"embeddable":true,"href":"https:\/\/roetelbergranch.de\/index.php?rest_route=%2Fwp%2Fv2%2Fcomments&post=251"}],"version-history":[{"count":1,"href":"https:\/\/roetelbergranch.de\/index.php?rest_route=\/wp\/v2\/posts\/251\/revisions"}],"predecessor-version":[{"id":255,"href":"https:\/\/roetelbergranch.de\/index.php?rest_route=\/wp\/v2\/posts\/251\/revisions\/255"}],"wp:attachment":[{"href":"https:\/\/roetelbergranch.de\/index.php?rest_route=%2Fwp%2Fv2%2Fmedia&parent=251"}],"wp:term":[{"taxonomy":"category","embeddable":true,"href":"https:\/\/roetelbergranch.de\/index.php?rest_route=%2Fwp%2Fv2%2Fcategories&post=251"},{"taxonomy":"post_tag","embeddable":true,"href":"https:\/\/roetelbergranch.de\/index.php?rest_route=%2Fwp%2Fv2%2Ftags&post=251"}],"curies":[{"name":"wp","href":"https:\/\/api.w.org\/{rel}","templated":true}]}}