{"id":283,"date":"2010-09-27T02:20:35","date_gmt":"2010-09-27T00:20:35","guid":{"rendered":"http:\/\/roetelbergranch.de\/?p=283"},"modified":"2019-08-15T02:26:28","modified_gmt":"2019-08-15T00:26:28","slug":"wanderritt-zum-kastlhof-naehe-riedenburg","status":"publish","type":"post","link":"https:\/\/roetelbergranch.de\/?p=283","title":{"rendered":"Wanderritt zum Kastlhof (n\u00e4he Riedenburg)"},"content":{"rendered":"\n<p>Datum:\u00a0 25.-26.09.2010<\/p>\n\n\n\n<p>Streckenl\u00e4nge:\u00a0 2x 30 Km<\/p>\n\n\n\n<p>Teilnehmer:  Christine mit Fiona, Nathalie mit Giardino, Marie mit Nikolas, Lisa mit Plainsman und Gerda mit Vittoria<\/p>\n\n\n\n<p>Recht spontan fand Ende September dieses Jahres noch ein zweit\u00e4giger Wanderritt zum Kastlhof statt. Samstag, in aller Herrgottsfr\u00fche und umschlossen von dicken Nebelschwaden, bereiteten wir wie unter einer gro\u00dfen Glocke, die uns vom Rest der Welt trennte, unsere Pferde f\u00fcr den Tag vor. Das Gep\u00e4ck verstauten wir teils in den Sattelpacktaschen, f\u00fcr den Rest hatten wir einen Gep\u00e4ckservice zum Kastlhof und auch wieder zur\u00fcck engagiert (danke Mama J ). Gut ausger\u00fcstet starteten wir also von der R\u00f6telbergranch aus Richtung Sandharlanden. Der Nebel legte sich und so ging es unter purem Sonnenschein weiter \u00fcber Feld- und Waldwege, bis wir unserem Zwischenziel \u2013 der F\u00e4hre in Eining \u2013 immer n\u00e4her kamen. Dort machten wir eine kleine Rast mit Wurstsalat und Bratwurstsemmel, die Pferde d\u00f6sten derweil um einen Baum gebunden im Schatten. Dann ein kleines Abenteuer: der F\u00e4hr\u00fcbergang\u2026aber unsere Pferde sind und bleiben einfach verl\u00e4sslich, alle gingen brav auf die wacklige F\u00e4hre und blieben einwandfrei stehen bis wir heil am anderen Ufer des Kanals angekommen sind. Dort ging es dann gleich weiter durch den Hienheimer Forst \u00fcber den Limes, am Gut Schwaben vorbei ging es daraufhin bergab Richtung Kanal. Dort waren wir kurz vor dem Ziel, es ging nur noch ein paar Kilometer kanalaufw\u00e4rts, \u00fcber die Br\u00fccke, dann wieder ein paar Kilometer kanalabw\u00e4rts\u2026und schon ritten wir gegen 18 Uhr in den Kastlhof ein, dort durften unsere Pferde auf eine gro\u00dfe Weide, bekamen Wasser und Heu und durften sich dann den Rest des Abends mit ihren \u201eZimmergenossen\u201c \u2013 zwei kleinen Schafen \u2013 besch\u00e4ftigen. Letztere hatten jedenfalls keine ruhige Nacht\u2026 Wir bezogen auch unsere Zimmer und genehmigten uns ein leckeres Abendessen in der Wirtschaft des Kastlhof.\u00a0<br>Am n\u00e4chsten Morgen schl\u00fcpften wir zeitig aus unseren Betten, um nach einem ausgiebigen Fr\u00fchst\u00fcck unsere Pferde startklar zu machen. Und so packten wir den Heimweg an. Heute ritten wir zuerst kanalabw\u00e4rts Richtung Essing, dann wieder ein St\u00fcck durch den Hienheimer Forst, um nach Stausacker bei Weltenburg mit der F\u00e4hre auf die andere Seite \u00fcberzusetzen. In Weltenburg machten wir im Biergarten eine Mittagspause, die Pferde ruhten an einen Baum gebunden im schattigen Gel\u00e4nde neben dem Fu\u00dfballplatz. Und schon begannen wir die letzte Etappe, durch das Hopfenbachtal \u00fcber idyllische Waldwege durch Thaldorf und Teuerting wieder nach Schambach. Wir hatten alle ein wundersch\u00f6nes Wochenende, eitel Sonnenschein und wiedermal topverl\u00e4ssliche, vierbeinige Wanderreitpartner!<\/p>\n\n\n\n<figure class=\"wp-block-image\"><img loading=\"lazy\" decoding=\"async\" width=\"600\" height=\"450\" src=\"https:\/\/roetelbergranch.de\/wp-content\/uploads\/2019\/08\/wanderrittkastlhof2010014.jpg\" alt=\"\" class=\"wp-image-284\" srcset=\"https:\/\/roetelbergranch.de\/wp-content\/uploads\/2019\/08\/wanderrittkastlhof2010014.jpg 600w, https:\/\/roetelbergranch.de\/wp-content\/uploads\/2019\/08\/wanderrittkastlhof2010014-300x225.jpg 300w\" sizes=\"auto, (max-width: 600px) 100vw, 600px\" \/><\/figure>\n\n\n\n<figure class=\"wp-block-image\"><img loading=\"lazy\" decoding=\"async\" width=\"600\" height=\"450\" src=\"https:\/\/roetelbergranch.de\/wp-content\/uploads\/2019\/08\/wanderrittkastlhof2010026.jpg\" alt=\"\" class=\"wp-image-285\" srcset=\"https:\/\/roetelbergranch.de\/wp-content\/uploads\/2019\/08\/wanderrittkastlhof2010026.jpg 600w, https:\/\/roetelbergranch.de\/wp-content\/uploads\/2019\/08\/wanderrittkastlhof2010026-300x225.jpg 300w\" sizes=\"auto, (max-width: 600px) 100vw, 600px\" \/><\/figure>\n\n\n\n<figure class=\"wp-block-image\"><img loading=\"lazy\" decoding=\"async\" width=\"600\" height=\"450\" src=\"https:\/\/roetelbergranch.de\/wp-content\/uploads\/2019\/08\/wanderrittkastlhof2010049.jpg\" alt=\"\" class=\"wp-image-286\" srcset=\"https:\/\/roetelbergranch.de\/wp-content\/uploads\/2019\/08\/wanderrittkastlhof2010049.jpg 600w, https:\/\/roetelbergranch.de\/wp-content\/uploads\/2019\/08\/wanderrittkastlhof2010049-300x225.jpg 300w\" sizes=\"auto, (max-width: 600px) 100vw, 600px\" \/><\/figure>\n\n\n\n<figure class=\"wp-block-image\"><img loading=\"lazy\" decoding=\"async\" width=\"600\" height=\"450\" src=\"https:\/\/roetelbergranch.de\/wp-content\/uploads\/2019\/08\/wanderrittkastlhof2010053-1.jpg\" alt=\"\" class=\"wp-image-287\" srcset=\"https:\/\/roetelbergranch.de\/wp-content\/uploads\/2019\/08\/wanderrittkastlhof2010053-1.jpg 600w, https:\/\/roetelbergranch.de\/wp-content\/uploads\/2019\/08\/wanderrittkastlhof2010053-1-300x225.jpg 300w\" sizes=\"auto, (max-width: 600px) 100vw, 600px\" \/><\/figure>\n\n\n\n<figure class=\"wp-block-image\"><img loading=\"lazy\" decoding=\"async\" width=\"600\" height=\"450\" src=\"https:\/\/roetelbergranch.de\/wp-content\/uploads\/2019\/08\/wanderrittkastlhof2010060.jpg\" alt=\"\" class=\"wp-image-288\" srcset=\"https:\/\/roetelbergranch.de\/wp-content\/uploads\/2019\/08\/wanderrittkastlhof2010060.jpg 600w, https:\/\/roetelbergranch.de\/wp-content\/uploads\/2019\/08\/wanderrittkastlhof2010060-300x225.jpg 300w\" sizes=\"auto, (max-width: 600px) 100vw, 600px\" \/><\/figure>\n","protected":false},"excerpt":{"rendered":"<p>Datum:\u00a0 25.-26.09.2010 Streckenl\u00e4nge:\u00a0 2x 30 Km Teilnehmer: Christine mit Fiona, Nathalie mit Giardino, Marie mit Nikolas, Lisa mit Plainsman und Gerda mit Vittoria Recht spontan fand Ende September dieses Jahres noch ein zweit\u00e4giger Wanderritt zum Kastlhof statt. Samstag, in aller Herrgottsfr\u00fche und umschlossen von dicken Nebelschwaden, bereiteten wir wie unter einer gro\u00dfen Glocke, die uns &hellip; <\/p>\n<p class=\"link-more\"><a href=\"https:\/\/roetelbergranch.de\/?p=283\" class=\"more-link\"><span class=\"screen-reader-text\">\u201eWanderritt zum Kastlhof (n\u00e4he Riedenburg)\u201c<\/span> weiterlesen<\/a><\/p>\n","protected":false},"author":1,"featured_media":0,"comment_status":"open","ping_status":"open","sticky":false,"template":"","format":"standard","meta":{"footnotes":""},"categories":[4],"tags":[],"class_list":["post-283","post","type-post","status-publish","format-standard","hentry","category-mehrtagesritte"],"_links":{"self":[{"href":"https:\/\/roetelbergranch.de\/index.php?rest_route=\/wp\/v2\/posts\/283","targetHints":{"allow":["GET"]}}],"collection":[{"href":"https:\/\/roetelbergranch.de\/index.php?rest_route=\/wp\/v2\/posts"}],"about":[{"href":"https:\/\/roetelbergranch.de\/index.php?rest_route=\/wp\/v2\/types\/post"}],"author":[{"embeddable":true,"href":"https:\/\/roetelbergranch.de\/index.php?rest_route=\/wp\/v2\/users\/1"}],"replies":[{"embeddable":true,"href":"https:\/\/roetelbergranch.de\/index.php?rest_route=%2Fwp%2Fv2%2Fcomments&post=283"}],"version-history":[{"count":1,"href":"https:\/\/roetelbergranch.de\/index.php?rest_route=\/wp\/v2\/posts\/283\/revisions"}],"predecessor-version":[{"id":289,"href":"https:\/\/roetelbergranch.de\/index.php?rest_route=\/wp\/v2\/posts\/283\/revisions\/289"}],"wp:attachment":[{"href":"https:\/\/roetelbergranch.de\/index.php?rest_route=%2Fwp%2Fv2%2Fmedia&parent=283"}],"wp:term":[{"taxonomy":"category","embeddable":true,"href":"https:\/\/roetelbergranch.de\/index.php?rest_route=%2Fwp%2Fv2%2Fcategories&post=283"},{"taxonomy":"post_tag","embeddable":true,"href":"https:\/\/roetelbergranch.de\/index.php?rest_route=%2Fwp%2Fv2%2Ftags&post=283"}],"curies":[{"name":"wp","href":"https:\/\/api.w.org\/{rel}","templated":true}]}}