{"id":331,"date":"2008-10-15T00:00:51","date_gmt":"2008-10-14T22:00:51","guid":{"rendered":"http:\/\/roetelbergranch.de\/?p=331"},"modified":"2019-08-15T15:48:05","modified_gmt":"2019-08-15T13:48:05","slug":"die-blaue-elise","status":"publish","type":"post","link":"https:\/\/roetelbergranch.de\/?p=331","title":{"rendered":"Die blaue Elise"},"content":{"rendered":"\n<p>Darf ich mich vorstellen: Elise, genauer die blaue Elise.<br>Geboren wurde ich am 22.08. 1986 im MAN Werk M\u00fcnchen.Bestellt hatte mich damals die Feuerwehr Abteilung 3 Berlin 13.<br>Anschlie\u00dfend an meine Geburt schickte man mich zur Kur (ich war ein halbfertiges MAN F8 Kind mit dem offiziellen Namen 14\/192 A) zur Firma Bachert.<br>Dort operierte man mir eine Mannschaftskabine f\u00fcr 9 gestandene Feuerwehrm\u00e4nner auf den R\u00fccken. Zus\u00e4tzlich bekam ich noch einen Aufbau mit Plane und Spriegel.<\/p>\n\n\n\n<p>Dann gings los. Dienst bei der Feuerwehr!<\/p>\n\n\n\n<p>Als ich f\u00fcr die Feuerwehr zu alt wurde, verkaufte man mich an die Fahrschule Meier in Eutin.<br>Dort absolvierte ich pflichtgem\u00e4\u00df den Dienst an den Fahranf\u00e4ngern f\u00fcr den LKW F\u00fchrerschein. Auch einen gro\u00dfen Anh\u00e4nger mu\u00dfte ich dort mit meinen 190 Pferden ziehen.<br>Im Jahre 2002 kam ich dann nach L\u00fcnen zu einem eigentlich recht netten aber etwas chaotischen LKW H\u00e4ndler.<br>Dieser wiederum prie\u00df mich in diversen Nutzfahrzeug-Zeitungen an &#8211; Da ich doch schon etwas betagt war, eigentlich recht g\u00fcnstig.<br>Nun begann die vorerst letzte Station meines harten Lebens.<\/p>\n\n\n\n<p>Die R\u00f6telberger entdeckten mich!<br>Was sie auf Anhieb absolut Symphatisch an mir fanden, war mein gro\u00dfes Fahrerhaus mit insgesamt 9 zugelassenen Sitzpl\u00e4tzen.<\/p>\n\n\n\n<p>So besuchten sie mich im Herbst 2002 in L\u00fcnen.<\/p>\n\n\n\n<figure class=\"wp-block-image\"><img loading=\"lazy\" decoding=\"async\" width=\"600\" height=\"447\" src=\"https:\/\/roetelbergranch.de\/wp-content\/uploads\/2019\/08\/equirando20088-1.jpg\" alt=\"\" class=\"wp-image-332\" srcset=\"https:\/\/roetelbergranch.de\/wp-content\/uploads\/2019\/08\/equirando20088-1.jpg 600w, https:\/\/roetelbergranch.de\/wp-content\/uploads\/2019\/08\/equirando20088-1-300x224.jpg 300w\" sizes=\"auto, (max-width: 600px) 100vw, 600px\" \/><\/figure>\n\n\n\n<p><strong>Wieder einmal ein typisches &#8222;R\u00f6telberger-Projekt&#8220;!<\/strong><\/p>\n\n\n\n<p>Auf nach L\u00fcnen. Also, Christine und ich ins Auto und ab die Post!<br>Bei der ersten Probefahrt kam dann leider die Ern\u00fcchterung: zu laut, zu langsam &#8211; als Basis f\u00fcr einen Pferdetransporter kaum zu gebrauchen.<\/p>\n\n\n\n<p>Also wieder nach Hause: Bedenkzeit!!<br>Hin- und her\u00fcberlegt !?!?<br>Schlie\u00dflich (wieder einmal&nbsp;<strong><em>Risiko&nbsp;<\/em><\/strong>): Wir kaufen die blaue Elise !!!!!&nbsp;<\/p>\n\n\n\n<p>Im Januar 2003 also Expedition nach L\u00fcnen ins Ruhrgebiet.<br>Vormittags \u00fcbernehmen wir dann unsere &#8222;Blaue Elise&#8220;.<br>Zwar etwas inkontinent (Aus dem Heizungsk\u00fchler und dem Ausgleichsbeh\u00e4lter tropft es etwas!!!) und auch das Z\u00fcndschloss ist etwas zerst\u00f6rt &#8211; aber was soll&#8217;s!!!<\/p>\n\n\n\n<p>Auf der Heimfahrt fror die Fahrzeugbesatzung (Danke nochmals an Andreas und Hofi!) , da die Heizung und auch die Standheizung streikten.<\/p>\n\n\n\n<p>Unsere Elise zeigte sich unglaublich durstig. Von L\u00fcnen zu uns 3 mal Tanken, das ergab einen Schnitt von \u00fcber 35 Liter \/100 Km.<br>Dann endlich zu Hause!!<\/p>\n\n\n\n<p><strong>Ideen, Ideen, Ideen und genau so viel Arbeit!!<\/strong><\/p>\n\n\n\n<p>Nun gings erstmal ans erforschen und planen.<br>In diesem Zusammenhang mu\u00df ich mich bei MAN Dachau, speziell Herrn Schie\u00dfl besonders bedanken, der mir bez\u00fcglich verschiedener Optionen der Bereifungsgr\u00f6\u00dfe immer mit Rat und Tat zur Seite stand.<br>Auch der MAN Service Partner Spedition P\u00f6ppel, hier insbesondere Herr Schmaizl, der inzwischen in den wohlverdienten Ruhestand gegangen ist, half mit Schaltpl\u00e4nen, technischen Zeichnungen und vielen Tipps unsere Elise technisch auf den neuesten Stand zu bringen.<br>Nochmals herzlichsten Dank an dieser Stelle !<\/p>\n\n\n\n<p>Um es kurz zu machen, im Jahr 2007 (in Worten zweitausendundsieben) &#8211; ja sie lesen richtig &#8211; war es dann soweit:<br>Vorstellung beim T\u00dcV (Ohne M\u00e4ngel!!!!) und Zulassung!!!!<\/p>\n\n\n\n<p>Stolz fuhren wir bei K\u00e4lte und Schnee gleich \u00fcber die Weihnachtsfeiertage nach Frankreich zu Mario und Christine &#8211; als Ladung 50 Ballen Heu, die als Weihnachtsgeschenk f\u00fcr unsere Freunde waren.<\/p>\n\n\n\n<figure class=\"wp-block-image\"><img loading=\"lazy\" decoding=\"async\" width=\"600\" height=\"450\" src=\"https:\/\/roetelbergranch.de\/wp-content\/uploads\/2019\/08\/blaueelise4.jpg\" alt=\"\" class=\"wp-image-333\" srcset=\"https:\/\/roetelbergranch.de\/wp-content\/uploads\/2019\/08\/blaueelise4.jpg 600w, https:\/\/roetelbergranch.de\/wp-content\/uploads\/2019\/08\/blaueelise4-300x225.jpg 300w\" sizes=\"auto, (max-width: 600px) 100vw, 600px\" \/><figcaption>Elise war wirklich einmal ein ganz normaler F8<\/figcaption><\/figure>\n\n\n\n<p><strong>Januar 2008, ein Beh\u00e4ltnis f\u00fcr die Pferde&#8230;<\/strong><\/p>\n\n\n\n<p>Da wir schon in der Planung f\u00fcr July 2008 (Equirando in Chateaubriand) waren, mu\u00dfte noch ein Beh\u00e4ltnis (Aufbau) f\u00fcr unsere Pferde entstehen.<br>So wurde ab ca. April\/Mai 2008 begonnen einen Pferdeaufbau zu bauen.<br>Die Pl\u00e4ne daf\u00fcr waren Gott sei&#8216; s gedankt schon gr\u00f6\u00dftenteils fertig<\/p>\n\n\n\n<p>Letztendlich schafften wir es noch sehr, sehr knapp unsere Blaue Elise f\u00fcr die 1500 Km lange Fahrt an den atlantischen Ozean fertigzustellen.<\/p>\n\n\n\n<p>Heute (Oktober 2008) ist das Fahrzeug gut erprobt und wartet schon &#8222;hufescharrend&#8220; auf die n\u00e4chsten Abenteuer.<\/p>\n\n\n\n<p>Was unserer Elise noch dringend fehlt, ist das passende Outfit!<br>Etwas Farbe fehlt(-: !<\/p>\n\n\n\n<p>In diesem Sinne\u00a0<br>SockE im Oktober 2008<\/p>\n\n\n\n<p><strong><em>PS: Vermutlich haben wir mit der Blauen Elise den einzigen allradgetriebenen Pferdetransporter mit Platz f\u00fcr 5 Pferde und 9 Reiter! \ud83d\ude42<\/em><\/strong><\/p>\n\n\n\n<figure class=\"wp-block-image\"><img loading=\"lazy\" decoding=\"async\" width=\"600\" height=\"450\" src=\"https:\/\/roetelbergranch.de\/wp-content\/uploads\/2019\/08\/blaueelise6.jpg\" alt=\"\" class=\"wp-image-334\" srcset=\"https:\/\/roetelbergranch.de\/wp-content\/uploads\/2019\/08\/blaueelise6.jpg 600w, https:\/\/roetelbergranch.de\/wp-content\/uploads\/2019\/08\/blaueelise6-300x225.jpg 300w\" sizes=\"auto, (max-width: 600px) 100vw, 600px\" \/><\/figure>\n\n\n\n<figure class=\"wp-block-image\"><img loading=\"lazy\" decoding=\"async\" width=\"600\" height=\"450\" src=\"https:\/\/roetelbergranch.de\/wp-content\/uploads\/2019\/08\/blaueelise7.jpg\" alt=\"\" class=\"wp-image-335\" srcset=\"https:\/\/roetelbergranch.de\/wp-content\/uploads\/2019\/08\/blaueelise7.jpg 600w, https:\/\/roetelbergranch.de\/wp-content\/uploads\/2019\/08\/blaueelise7-300x225.jpg 300w\" sizes=\"auto, (max-width: 600px) 100vw, 600px\" \/><\/figure>\n\n\n\n<figure class=\"wp-block-image\"><img loading=\"lazy\" decoding=\"async\" width=\"600\" height=\"450\" src=\"https:\/\/roetelbergranch.de\/wp-content\/uploads\/2019\/08\/blaueelise9.jpg\" alt=\"\" class=\"wp-image-336\" srcset=\"https:\/\/roetelbergranch.de\/wp-content\/uploads\/2019\/08\/blaueelise9.jpg 600w, https:\/\/roetelbergranch.de\/wp-content\/uploads\/2019\/08\/blaueelise9-300x225.jpg 300w\" sizes=\"auto, (max-width: 600px) 100vw, 600px\" \/><\/figure>\n\n\n\n<figure class=\"wp-block-image\"><img loading=\"lazy\" decoding=\"async\" width=\"600\" height=\"450\" src=\"https:\/\/roetelbergranch.de\/wp-content\/uploads\/2019\/08\/blaueelise11.jpg\" alt=\"\" class=\"wp-image-337\" srcset=\"https:\/\/roetelbergranch.de\/wp-content\/uploads\/2019\/08\/blaueelise11.jpg 600w, https:\/\/roetelbergranch.de\/wp-content\/uploads\/2019\/08\/blaueelise11-300x225.jpg 300w\" sizes=\"auto, (max-width: 600px) 100vw, 600px\" \/><\/figure>\n\n\n\n<figure class=\"wp-block-image\"><img loading=\"lazy\" decoding=\"async\" width=\"600\" height=\"450\" src=\"https:\/\/roetelbergranch.de\/wp-content\/uploads\/2019\/08\/blaueelise12.jpg\" alt=\"\" class=\"wp-image-338\" srcset=\"https:\/\/roetelbergranch.de\/wp-content\/uploads\/2019\/08\/blaueelise12.jpg 600w, https:\/\/roetelbergranch.de\/wp-content\/uploads\/2019\/08\/blaueelise12-300x225.jpg 300w\" sizes=\"auto, (max-width: 600px) 100vw, 600px\" \/><\/figure>\n\n\n\n<figure class=\"wp-block-image\"><img loading=\"lazy\" decoding=\"async\" width=\"600\" height=\"450\" src=\"https:\/\/roetelbergranch.de\/wp-content\/uploads\/2019\/08\/blaueelise13.jpg\" alt=\"\" class=\"wp-image-339\" srcset=\"https:\/\/roetelbergranch.de\/wp-content\/uploads\/2019\/08\/blaueelise13.jpg 600w, https:\/\/roetelbergranch.de\/wp-content\/uploads\/2019\/08\/blaueelise13-300x225.jpg 300w\" sizes=\"auto, (max-width: 600px) 100vw, 600px\" \/><\/figure>\n","protected":false},"excerpt":{"rendered":"<p>Darf ich mich vorstellen: Elise, genauer die blaue Elise.Geboren wurde ich am 22.08. 1986 im MAN Werk M\u00fcnchen.Bestellt hatte mich damals die Feuerwehr Abteilung 3 Berlin 13.Anschlie\u00dfend an meine Geburt schickte man mich zur Kur (ich war ein halbfertiges MAN F8 Kind mit dem offiziellen Namen 14\/192 A) zur Firma Bachert.Dort operierte man mir eine &hellip; <\/p>\n<p class=\"link-more\"><a href=\"https:\/\/roetelbergranch.de\/?p=331\" class=\"more-link\"><span class=\"screen-reader-text\">\u201eDie blaue Elise\u201c<\/span> weiterlesen<\/a><\/p>\n","protected":false},"author":1,"featured_media":0,"comment_status":"open","ping_status":"open","sticky":false,"template":"","format":"standard","meta":{"footnotes":""},"categories":[6],"tags":[],"class_list":["post-331","post","type-post","status-publish","format-standard","hentry","category-sonstiges"],"_links":{"self":[{"href":"https:\/\/roetelbergranch.de\/index.php?rest_route=\/wp\/v2\/posts\/331","targetHints":{"allow":["GET"]}}],"collection":[{"href":"https:\/\/roetelbergranch.de\/index.php?rest_route=\/wp\/v2\/posts"}],"about":[{"href":"https:\/\/roetelbergranch.de\/index.php?rest_route=\/wp\/v2\/types\/post"}],"author":[{"embeddable":true,"href":"https:\/\/roetelbergranch.de\/index.php?rest_route=\/wp\/v2\/users\/1"}],"replies":[{"embeddable":true,"href":"https:\/\/roetelbergranch.de\/index.php?rest_route=%2Fwp%2Fv2%2Fcomments&post=331"}],"version-history":[{"count":1,"href":"https:\/\/roetelbergranch.de\/index.php?rest_route=\/wp\/v2\/posts\/331\/revisions"}],"predecessor-version":[{"id":340,"href":"https:\/\/roetelbergranch.de\/index.php?rest_route=\/wp\/v2\/posts\/331\/revisions\/340"}],"wp:attachment":[{"href":"https:\/\/roetelbergranch.de\/index.php?rest_route=%2Fwp%2Fv2%2Fmedia&parent=331"}],"wp:term":[{"taxonomy":"category","embeddable":true,"href":"https:\/\/roetelbergranch.de\/index.php?rest_route=%2Fwp%2Fv2%2Fcategories&post=331"},{"taxonomy":"post_tag","embeddable":true,"href":"https:\/\/roetelbergranch.de\/index.php?rest_route=%2Fwp%2Fv2%2Ftags&post=331"}],"curies":[{"name":"wp","href":"https:\/\/api.w.org\/{rel}","templated":true}]}}