{"id":58,"date":"2004-10-30T00:00:58","date_gmt":"2004-10-29T22:00:58","guid":{"rendered":"http:\/\/roetelbergranch.de\/?p=58"},"modified":"2019-08-14T15:04:54","modified_gmt":"2019-08-14T13:04:54","slug":"quo-vadis-wanderreiten","status":"publish","type":"post","link":"https:\/\/roetelbergranch.de\/?p=58","title":{"rendered":"Quo vadis, Wanderreiten?"},"content":{"rendered":"\n<p><strong>Ja wo laufen Sie denn&#8230;?<\/strong><em><br>(Eine Glosse zum 1. europ\u00e4ischen Wanderreitsymposium in Pr\u00fcm\/Eifel)<\/em><\/p>\n\n\n\n<p><em><strong>Hinweis:<\/strong> Diese Glosse schildert meine subjektiven Eindr\u00fccke. Niemand ist gezwungen das Folgende zu lesen. Falls nat\u00fcrlich nach der Lekt\u00fcre des folgenden Textes, der eine oder andere aufwacht oder sich etwas ergeben sollte, dann freue ich mich k\u00f6niglich<\/em><strong>!<br>Dietmar Holzenbecher (sockE)<br><br>Wanderreiten<\/strong><\/p>\n\n\n\n<p>Ein Begriff der bei vielen Pferdefreunden Emotionen weckt. Freiheit, weite Landschaften, dein Partner Pferd, Gleichgesinnte &#8211; all das und vieles mehr erscheint vor meinem geistigen Auge.<br>Die Ern\u00fcchterung folgt auf dem Fu\u00df:&nbsp;<strong>Pr\u00fcm<br><\/strong>Ja, dieses Provinzst\u00e4dtchen in der Eifel wird f\u00fcr mich in Zukunft als ein Synonym f\u00fcr B\u00fcrokratie, Unwissenheit, Kleingeisterei und Besserwisserei stehen.<\/p>\n\n\n\n<p><strong>Eigentlich ein Skandal&#8230;<\/strong><\/p>\n\n\n\n<p><strong>&nbsp;<\/strong>Ein Turnierrichter und erfahrener Vielseitigkeitsreiter beginnt den Reigen des Schreckens. Wie nicht anders gewohnt, versucht er gebetsm\u00fchlenartig die Begriffe Losgelassenheit, Anlehnung, Spannung u.s.w. in absolut unlogischen und vielen Phrasen beinhaltenden Erkl\u00e4rungsversuchen dem anwesenden Publikum n\u00e4herzubringen.<br>Als Untermauerung seines Vortrags, hat er eine Menge Beispiele parat. Das dabei das Prinzip der &#8222;wundersamen Vermehrung&#8220; beschrieben wurde, war aber dann doch etwas skuril. Denn er behauptete, einen &#8222;Vielseitigkeitskollegen&#8220; zu kennen, der das morgendliche Training der Muskeln der Hinterhand seines Pferdes derart gestallte, das er im Gel\u00e4nde einen Hang suche, sein Pferd mit der Hinterhand bergauf stelle &#8211; und eine Stunde seine mitgebrachte Zeitung lese! Also Muskeltraining in Stehen!<br>Wie ich meine eine excelente Trainingsmethode &#8211; volkommen ohne Sinn, der Tierqu\u00e4lerei mehr als nahe!<br>Aber das ist man ja von unseren Freunden aus der Turnierszene ja auch gew\u00f6hnt!<br>Das Beste: Nein kein Aufschrei, keine Palastrevolution &#8211; bestenfalls and\u00e4chtiges nicken (schliefen die wohl alle?) von 150 (?!) &#8222;Wanderreitern&#8220;.<br>Tenor des ganzen von Herrn G. von Zetteln abgelesenen und via Beamer an die Wand geschmissenen (um beim Pferd zu bleiben) Mists: Leute,&nbsp;<strong>lernt<\/strong>&nbsp;(?) reiten, sonst k\u00f6nnt Ihr eure Pferde mit 15 Jahren zum Schlachter bringen!<br>Da hab ich doch noch eine Statistik im Kopf, das &#8222;Sportpferde&#8220; (gibts die \u00fcberhaupt?) kaum 8 Jahre alt werden.<br>Bei meinen R\u00f6telbergern finde ich gen\u00fcgend Pferde mit weit \u00fcber 20 Jahren, die sich immer noch bester Gesundheit erfreuen! Tja, Herr G. &#8211; wat nu?<\/p>\n\n\n\n<p><strong>Das sollte zu denken geben!&nbsp;<\/strong><\/p>\n\n\n\n<p>Animateur zu Pferd! Kein Scherz &#8211; ja so stellen sich Leute, die von der Sache wahrlich nichts verstehen die Welt eines Wanderreiters vor. Und dann kommt es, mein pers\u00f6nliches Unwort des Jahres:&nbsp;<strong>&#8222;Qualifizierungsma\u00dfnahme&#8220;<br><\/strong>Das h\u00f6re ich jetzt schon so lange Pferde meinen Lebensweg begleiten. Urkomisch dabei ist aber immer, das die Leute die mein &#8222;Wissensdefizit&#8220; zurechtr\u00fccken wollen, eigentlich \u00fcberhaupt keine Ahnung von dem haben \u00fcber das sie referieren!<br>Diese Leute rekrutieren sich immer aus Lehrern, Unternehmensberatern, Beamten, Journalisten und sonstigen&nbsp;<strong>&#8222;Kennern der Szene&#8220;.<br>Und das Beste: Sie (er)kennen Pferde &#8222;rein optisch&#8220; sogenannte Pferdekenner!!<br><\/strong><em>&#8230; ist der Rasen sch\u00f6n gr\u00fcn!<br><\/em>Mein per\u00f6nlicher Gipfel wird dann immer erreicht, wenn es um die Kosten solcher &#8222;Ma\u00dfnahmen&#8220; (allein f\u00fcr sich schon ein Unwort f\u00fcr mich!) geht! Hier ein paar Scheine, dort ein paar Scheine &#8211; Die deutsche Krankheit eben!!<br>Qualifiziert aber pleite oder&nbsp;<strong>je eingebildeter die Ausbildung desto ausgebildeter die Einbildung!<br><\/strong>&#8230; eben viel bla bla und sonst nichts als hei\u00dfe Luft!!!<\/p>\n\n\n\n<p><strong>Umweltschutz tut not&nbsp;<\/strong><\/p>\n\n\n\n<p>Wie oft und in welchen verqueren Zusammenh\u00e4ngen h\u00f6re ich das. Rauchen, Autofahren, Konsumieren &#8211; ja, ja ist ja schon gut, das kennt doch jetzt schon wohl jeder!<br>Aber in Bezug auf das Wanderreiten? &#8211;&nbsp;<strong>eine Granate!<br><\/strong>Wieder sitzen 150 &#8222;Wanderreiter&#8220; gebannt da. Ein einzelner wagt es und stellt unserer &#8222;wildentschlossenen Umweltsch\u00fctzerin&#8220; die Frage, ob er denn sein Pferd an einer Wiese grasen lassen d\u00fcrfe.<br>Wie von der Tante Ella (Tarantella) gestochen erwidert unsere gr\u00fcne Furie ein entschiedenes &#8222;Nein&#8220;, mit der Begr\u00fcndung, er (das arme geistige W\u00fcrstchen) habe wohl kaum die Kenntnis zu entscheiden, ob es sich bei einer Wiese um sch\u00fctzenswerte Pflanzen und Arten handele. Und \u00fcberhaupt&#8230; wer sch\u00fctzt uns vor den Umweltsch\u00fctzern?<br><strong>Quo vadis Wanderreiten!!!<br><\/strong><\/p>\n\n\n\n<p><strong>Der Gipfel wird erklommen<\/strong>&nbsp;<\/p>\n\n\n\n<p>\u00dcber Verladetechniken und Verladet\u00fccken von Pferden zu referieren, ist immer eine spannende Sache. Jedoch vorab erst einmal eine Litanei an zweifelhaften Qualifikationen dem staunenden Publikum vor die Nase zu halten, scheint mir selbst f\u00fcr einen hessischen FN-Berufsgenossenschafts-Cowboy (Titel ergibt sich aus den verschiedenen Qualifikationen) eher als ein Zeichen f\u00fcr eine gewaltige Profilneurose.<br>Das n\u00e4chste Fettn\u00e4pfchen erwischte unser Ersatz-John-Wayne (korrekt gekleidet mit Westernhemd und bewaffnet mit Bolotie) postwendend! Eine ganz dem Cavallo-Verhaltenscodex (sch\u00f6nen Gru\u00df an Herrn Scholten) entsprechende Niederb\u00fcgelei aller &#8222;Ausbildungsgurus&#8220; stand nun auf seinem Programm.<br>Nun was hat das ganze ersteinmal mit Wanderreiten zu tun und ausserdem andere (&#8222;die Gurus&#8220;) \u00fcber einen Kanten zu scheren. Ein Monty Roberts hat mit Sicherheit mehr f\u00fcr uns Reiter getan, als die gesamte Armada an Berufsgenossenschaftsb\u00fctteln in ganz Deutschland!<br>Das schien mir dann der Gipfel der Ertr\u00e4glichkeiten zu sein. Mit diesem Vortrag der noch so harmlos mit dem H\u00e4ngerverladen von Pferden begann, sich \u00fcber Schimpftirraden gegen\u00fcber &#8222;den Gurus&#8220; steigerte und letzendlich mit effekthascherischer Manier (&#8222;Der Mann von der Humbug-M\u00fclleimer&#8230;&#8220;) die Gef\u00e4hrlichkeit all unseres Tuns aufzeigte,(Originalzitat:&#8220;Sie haften immer mit ihrem Privatverm\u00f6gen &#8211; und dann gibts halt Sozialhilfe.&#8220;)<br>unterstrich dieser Mann, das er von Pferden und dem Umgang mit diesen, der Wanderreiterei und allen angrenzenden Themen absolut keine Ahnung hat. Der Gipfel: er war erreicht!<\/p>\n\n\n\n<p><strong>Wanderreiten war das Thema<\/strong>&nbsp;<\/p>\n\n\n\n<p>Mit dem Titel &#8222;1. europ\u00e4isches Wanderreitsyposium&#8220; hatten wir uns 3 interessante Tage mit dem Thema Wandereiten vorgestellt. Dabei heraus kamen 3 Tage Informationen auf dem untersten Niveau \u00fcber die Reiterei im allgemeinen. Nichts was man schon zigmal geh\u00f6rt und gelesen h\u00e4tte.<br>Noch schlimmer: Die ganze Konzeptlosigkeit der FN und des VfD in Bezug auf dieses Thema. Es schien als wolle man nur neue Mitglieder in den Moloch FN locken.<br>Die einzige ehrliche Meinung war wohl dem Vortrag eines internationalen Reiter-Reisenanbieters zu entnehmen.<br>Dieser meinte frei heraus, falls sich die Situation f\u00fcr die Wander- und Freizeitreiter verschlechtern sollte, (Steuern, Reitrecht usw.) und viele daher Ihr Pferd aufgeben m\u00fc\u00dften, sei das f\u00fcr Ihn als Unternehmer wohl ein Gl\u00fccksfall. Sein Gesch\u00e4ft werde mit diesen (pferdelosen) Leuten wohl weiter boomen!<\/p>\n\n\n\n<p><strong>Wo seid Ihr?<\/strong><\/p>\n\n\n\n<p>Warum ich mich so ma\u00dflos \u00e4rgere? Nun die Wanderreiterei verbindet im Gegensatz zu allen anderen Reit-(sport) arten die&nbsp;<strong>drei Hauptpunkte Pferd &#8211; Mensch &#8211; Natur<\/strong>. Ausserdem verlangt&nbsp;<strong>tats\u00e4chliche&nbsp;<\/strong>Wanderreiterei enormes Wissen \u00fcber&nbsp;<strong>alle Belange&nbsp;<\/strong>des Pferdes.<br>Ob Beschlag, Sattel, Navigation oder Organisation, ob Lahmheit oder Satteldruck &#8211; alles aber auch alles, jede \u00fcbersehene Kleinigkeit kann einen Wanderritt schnell beenden.<br>Daraus folgt&nbsp;<strong>derWanderreiter ist der Allrounder unter den Reitern<\/strong>, der Individualist, der Enthusiast.<br>Es w\u00e4re doch schade, wenn wir, weil wir eben keine starke Lobby haben, von Gesch\u00e4ftemachern der \u00fcbelsten Sorte geschluckt werden.<br><strong>Wehret den Anf\u00e4ngen!&nbsp;<br><br>Dietmar Holzenbecher<br><br>PS.: Wanderreiter wo seid Ihr?<\/strong><\/p>\n","protected":false},"excerpt":{"rendered":"<p>Ja wo laufen Sie denn&#8230;?(Eine Glosse zum 1. europ\u00e4ischen Wanderreitsymposium in Pr\u00fcm\/Eifel) Hinweis: Diese Glosse schildert meine subjektiven Eindr\u00fccke. Niemand ist gezwungen das Folgende zu lesen. Falls nat\u00fcrlich nach der Lekt\u00fcre des folgenden Textes, der eine oder andere aufwacht oder sich etwas ergeben sollte, dann freue ich mich k\u00f6niglich!Dietmar Holzenbecher (sockE) Wanderreiten Ein Begriff der &hellip; <\/p>\n<p class=\"link-more\"><a href=\"https:\/\/roetelbergranch.de\/?p=58\" class=\"more-link\"><span class=\"screen-reader-text\">\u201eQuo vadis, Wanderreiten?\u201c<\/span> weiterlesen<\/a><\/p>\n","protected":false},"author":1,"featured_media":0,"comment_status":"open","ping_status":"open","sticky":false,"template":"","format":"standard","meta":{"footnotes":""},"categories":[3],"tags":[],"class_list":["post-58","post","type-post","status-publish","format-standard","hentry","category-glosse"],"_links":{"self":[{"href":"https:\/\/roetelbergranch.de\/index.php?rest_route=\/wp\/v2\/posts\/58","targetHints":{"allow":["GET"]}}],"collection":[{"href":"https:\/\/roetelbergranch.de\/index.php?rest_route=\/wp\/v2\/posts"}],"about":[{"href":"https:\/\/roetelbergranch.de\/index.php?rest_route=\/wp\/v2\/types\/post"}],"author":[{"embeddable":true,"href":"https:\/\/roetelbergranch.de\/index.php?rest_route=\/wp\/v2\/users\/1"}],"replies":[{"embeddable":true,"href":"https:\/\/roetelbergranch.de\/index.php?rest_route=%2Fwp%2Fv2%2Fcomments&post=58"}],"version-history":[{"count":2,"href":"https:\/\/roetelbergranch.de\/index.php?rest_route=\/wp\/v2\/posts\/58\/revisions"}],"predecessor-version":[{"id":62,"href":"https:\/\/roetelbergranch.de\/index.php?rest_route=\/wp\/v2\/posts\/58\/revisions\/62"}],"wp:attachment":[{"href":"https:\/\/roetelbergranch.de\/index.php?rest_route=%2Fwp%2Fv2%2Fmedia&parent=58"}],"wp:term":[{"taxonomy":"category","embeddable":true,"href":"https:\/\/roetelbergranch.de\/index.php?rest_route=%2Fwp%2Fv2%2Fcategories&post=58"},{"taxonomy":"post_tag","embeddable":true,"href":"https:\/\/roetelbergranch.de\/index.php?rest_route=%2Fwp%2Fv2%2Ftags&post=58"}],"curies":[{"name":"wp","href":"https:\/\/api.w.org\/{rel}","templated":true}]}}